{"provider_url": "https://www.maxaranguape.rn.leg.br", "title": "RECESSO PARLAMENTAR", "html": "<p style=\"text-align: justify; \">A C\u00e2mara Municipal de Maxaranguape inicia no dia 1\u00ba de julho, o per\u00edodo de recesso parlamentar previsto em seu calend\u00e1rio legislativo. Durante o m\u00eas de julho, n\u00e3o haver\u00e1 sess\u00f5es ordin\u00e1rias no plen\u00e1rio da Casa, com retorno marcado para o dia 1\u00ba de agosto de 2025.</p>\r\n<p style=\"text-align: justify; \">O recesso parlamentar \u00e9 um intervalo formal das atividades legislativas, no qual n\u00e3o ocorrem sess\u00f5es ordin\u00e1rias, mas os vereadores continuam \u00e0 disposi\u00e7\u00e3o da popula\u00e7\u00e3o para demandas em seus gabinetes ou em atividades externas, como visitas \u00e0s comunidades, articula\u00e7\u00f5es de projetos e atendimentos aos mun\u00edcipes.</p>\r\n<p style=\"text-align: justify; \">A Presid\u00eancia da C\u00e2mara refor\u00e7a que os servi\u00e7os administrativos do Poder Legislativo Municipal seguem funcionando normalmente no per\u00edodo, garantindo atendimento ao p\u00fablico, protocolo e demais servi\u00e7os internos.</p>\r\n<p style=\"text-align: justify; \">Para mais informa\u00e7\u00f5es, a popula\u00e7\u00e3o pode entrar em contato pelos canais oficiais da C\u00e2mara Municipal de Maxaranguape.</p>\r\n<p style=\"text-align: justify; \">#CamaraMaxaranguape</p>", "author_name": "", "version": "1.0", "author_url": "https://www.maxaranguape.rn.leg.br/author/marcilio", "provider_name": "C\u00c2MARA MUNICIPAL", "type": "rich"}