{"provider_url": "https://www.maxaranguape.rn.leg.br", "title": "Hist\u00f3ria", "html": "<p>\u00a0</p>\r\n<p><b>Hist\u00f3rico</b></p>\r\n<p style=\"text-align: justify; \">\u00a0\u00a0\u00a0\u00a0\u00a0\u00a0\u00a0\u00a0\u00a0\u00a0\u00a0 Foi desmembrado de Touros, em 1958, mas as terras da sesmaria, existente \u00e0s margens do rio Moxurungoap\u00e9, foram concedidas, em 14 de setembro de 1666, ao Governador Jo\u00e3o Fernandes Vieira; representado, no ato, pelo Vig\u00e1rio de Natal, Padre Leonardo Tavares de Melo.</p>\r\n<p style=\"text-align: justify; \">\u00a0\u00a0\u00a0\u00a0\u00a0\u00a0\u00a0\u00a0\u00a0\u00a0\u00a0 Em 1832, j\u00e1 existia a pequena povoa\u00e7\u00e3o habitada por pescadores, possuindo uma capela, em honra a Nossa Senhora da Concei\u00e7\u00e3o; escolas e casas de veraneio dos senhores de engenho de Cear\u00e1-Mirim.<br /> Com a grande estiagem, ocorrida nos anos de 1877 a 1879, recebeu grande n\u00famero de sertanejo, que a\u00ed chegaram \u00e0 procura de trabalho, atra\u00eddos pelo vale f\u00e9rtil, conhecido, inicialmente, por Boixununguape, banhado pelo rio Perene, que desemboca no Atl\u00e2ntico, no lugar chamado Barra de Maxaranguape, primeiro nome do munic\u00edpio.</p>\r\n<p>Gent\u00edlico: maxaranguapense</p>\r\n<p><b>Forma\u00e7\u00e3o Administrativa</b></p>\r\n<p style=\"text-align: justify; \">\u00a0\u00a0\u00a0\u00a0\u00a0\u00a0\u00a0\u00a0\u00a0\u00a0\u00a0 Distrito criado com a denomina\u00e7\u00e3o de Barra de Maxaranguape ex-povoado, pela lei estadual n\u00ba 884, de 12-11-1953, subordinado ao munic\u00edpio de Touros. Em divis\u00e3o territorial datada de 1-VII-1955, o distrito de Barra de Maxaranguape, figura no munic\u00edpio de Touros.</p>\r\n<p style=\"text-align: justify; \">\u00a0\u00a0\u00a0\u00a0\u00a0\u00a0\u00a0\u00a0\u00a0\u00a0\u00a0 Elevado \u00e0 categoria de munic\u00edpio com a denomina\u00e7\u00e3o de Maxaranguape, pela lei estadual n\u00ba 2329, de 17-12-1958, desmembrado de Touros. Sede no atual distrito de Maxaranguape ex-povoado de Barra de Maxaranguape. Constitu\u00eddo do distrito sede. Instalado. em 29-01-1959.</p>\r\n<p style=\"text-align: justify; \">\u00a0\u00a0\u00a0\u00a0\u00a0\u00a0\u00a0\u00a0\u00a0\u00a0\u00a0 Em divis\u00e3o territorial datada de 1-VII-1960, o munic\u00edpio de Maxaranguape \u00e9 constitu\u00eddo do distrito sede. Assim permanecendo em divis\u00e3o territorial datada 2007.</p>\r\n<p><b>Altera\u00e7\u00e3o topon\u00edmica distrital\u00a0</b></p>\r\n<p>Barra de Maxaranguape para simplesmente Maxaranguape alterado pela lei estadual n\u00ba 2329, de 17/12/1958.</p>\r\n<p><b>Fonte: </b>IBGE (http://cod.ibge.gov.br/3VWF)</p>\r\n<p>\u00a0</p>\r\n<p style=\"text-align: center; \"><strong>LEGISLATURAS E VEREADORES</strong></p>\r\n<p>De acordo com o Livro Termo de Posse consta a Rela\u00e7\u00e3o com os nomes dos Senhores Vereadores deste Munic\u00edpio desde a Emancipa\u00e7\u00e3o em 29 de Janeiro de 1959.</p>\r\n<p><strong>Vereadores eleitos no pleito de 04 de Outubro de 1959, e empossados em 29 de Janeiro de 1969</strong>.</p>\r\n<ol>\r\n<li>Fausto Antunes Bezerra</li>\r\n<li>Francisco Caldas de Ara\u00fajo</li>\r\n<li>Francisco de Assis Varela Cavalcante</li>\r\n<li>Jesu\u00edno Alves da Cruz</li>\r\n<li>Jos\u00e9 da costa Pereira</li>\r\n<li>Jos\u00e9 da costa Torres</li>\r\n<li>Jos\u00e9 Guedes Sobrinho</li>\r\n<li>Louren\u00e7o Eduardo da silva</li>\r\n<li>Manoel Calixto do Nascimento</li>\r\n<li>Manoel Francisco Filho</li>\r\n</ol>\r\n<p>\u00a0</p>\r\n<p><strong>Vereadores eleitos em 01 de dezembro de 1963 e empossados no dia 30 de Janeiro de 1964, \u00e1s quatorze horas.</strong></p>\r\n<ol>\r\n<li>Jos\u00e9 Costa Torres</li>\r\n<li>\u00a0Jos\u00e9 de Sena Cavalcante</li>\r\n<li>\u00a0Jos\u00e9 Julio Lopes</li>\r\n<li>\u00a0Jos\u00e9 Maximo de Ara\u00fajo</li>\r\n<li>Manoel Laurindo de Castro</li>\r\n<li>\u00a0Pedro En\u00e9as do Nascimento</li>\r\n<li>Valdemar Vicente Ferreira</li>\r\n</ol>\r\n<p>\u00a0</p>\r\n<p><strong>Vereadores eleitos no Pleito de 15 de Novembro de 1968, e empossados no dia 15 de fevereiro de 1969.</strong></p>\r\n<ol>\r\n<li>Ivonaldo Costa de Albuquerque</li>\r\n<li>Jos\u00e9 Andrade da Costa</li>\r\n<li>Manoel Laurindo de Castro</li>\r\n<li>Pedro En\u00e9as do Nascimento</li>\r\n<li>Salatiel Caldas de Ara\u00fajo</li>\r\n<li>Vivaldo Ferreira da Costa</li>\r\n</ol>\r\n<p>\u00a0</p>\r\n<p><strong>Vereadores eleitos no Pleito de 15 de Novembro de 1972, e empossados no dia 31 de Janeiro de 1973.</strong></p>\r\n<ol>\r\n<li>Br\u00edgido Ferreira Pinto</li>\r\n<li>Djasete Costa e Silva</li>\r\n<li>Ivone de Vasconcelos Marques</li>\r\n<li>Jo\u00e3o Martins da Silva</li>\r\n<li>Jos\u00e9 Andrade da Silva</li>\r\n<li>Manoel da Silva Borges</li>\r\n<li>Samuel Rodrigues do Nascimento</li>\r\n</ol>\r\n<p>\u00a0</p>\r\n<p><strong>Vereadores eleitos no Pleito de 15 de Novembro de 1976, e empossados no dia 31 de Janeiro de 1977.</strong></p>\r\n<ol>\r\n<li>Brigido Ferreira Pinto</li>\r\n<li>F\u00e1tima Gaspar Lopes</li>\r\n<li>Lourival Gomes de Souza</li>\r\n<li>Luiz Wellington de Vasconcelos Marques</li>\r\n<li>Manoel Laurindo de Castro</li>\r\n<li>Maria Mirtes da Silva</li>\r\n<li>Salatiel Caldas de Ara\u00fajo</li>\r\n</ol>\r\n<p>\u00a0</p>\r\n<p><strong>Vereadores eleitos no Pleito de 15 de Novembro de 1982, e empossados no dia 31 de Janeiro de 1983.</strong></p>\r\n<ol>\r\n<li>Ivone de Vasconcelos Marques</li>\r\n<li>Jo\u00e3o Fernandes Lemos</li>\r\n<li>Jos\u00e9 Francisco da Silva</li>\r\n<li>Kerginaldo Lucas Alves</li>\r\n<li>Leonicio Batista de Soares</li>\r\n<li>Luiz Gonzaga Varela Cavalcante</li>\r\n<li>Ozila Pereira Leite do Nascimento</li>\r\n</ol>\r\n<p>\u00a0</p>\r\n<p><strong>Vereadores eleitos no Pleito de 15 de Novembro de 1988, e empossados no dia 1\u00b0 de Janeiro de 1989.</strong></p>\r\n<ol>\r\n<li>Ant\u00f4nio Paulo Neto</li>\r\n<li>Ionaldo Marcelino Gomes</li>\r\n<li>Jo\u00e3o Fernandes Lemos</li>\r\n<li>Jo\u00e3o Isaac Greg\u00f3rio de Brito</li>\r\n<li>Jo\u00e3o Maria Lopes</li>\r\n<li>Kerginaldo Lucas Alves</li>\r\n<li>Luiz Wellington de Vasconcelos Marques</li>\r\n<li>Maria Mirtes da Silva</li>\r\n<li>Sebasti\u00e3o Batista Barbosa</li>\r\n</ol>\r\n<p>\u00a0</p>\r\n<p><strong>Vereadores eleitos no Pleito de 03 de Outubro de 1992, e empossados no dia 1\u00b0 de Janeiro de 1993.</strong></p>\r\n<ol>\r\n<li>Amaro Alves Saturnino</li>\r\n<li>Ant\u00f4nio Paulo Neto</li>\r\n<li>Edson Gomes da Silva</li>\r\n<li>Eduardo Motta Ferreira de Souza</li>\r\n<li>Evaldo Varela de Paiva</li>\r\n<li>Jo\u00e3o Isaac Greg\u00f3rio de Brito</li>\r\n<li>Jose Wilson da Silva</li>\r\n<li>Lucia C\u00e2mara Rocha</li>\r\n<li>Luiz Wellington de Vasconcelos Marques</li>\r\n</ol>\r\n<p>\u00a0</p>\r\n<p><strong>Vereadores eleitos no Pleito de 04 de Outubro de 1996, e empossados no dia 1\u00b0 de Janeiro de 1997.</strong></p>\r\n<ol>\r\n<li>Dielson Bezerra dos Santos</li>\r\n<li>Evaldo Varela de Paiva</li>\r\n<li>Jos\u00e9 Gilberto de oliveira</li>\r\n<li>Luiz Gonzaga Varela Cavalcante</li>\r\n<li>Luiz Wellington de Vasconcelos Marques</li>\r\n<li>Manoel Moreno da Silva</li>\r\n<li>Marcilio Reganeo dos Santos</li>\r\n<li>Maria Ivoneide da Silva</li>\r\n<li>Rog\u00e9rio Bezerra da Cruz</li>\r\n<li>Ronaldo Jos\u00e9 da Silva</li>\r\n</ol>\r\n<p>\u00a0</p>\r\n<p><strong>Vereadores eleitos no Pleito de 04 de Outubro do ano de 2000, e empossados no dia 01 de Janeiro de 2001.</strong></p>\r\n<ol>\r\n<li>C\u00e9lia L\u00facia Alves Garcia</li>\r\n<li>Eva Maria Medeiros Saldanha</li>\r\n<li>Jo\u00e3o Maria Alves Rafael</li>\r\n<li>Jos\u00e9 de Barros Saturnino</li>\r\n<li>Jos\u00e9 Gilberto de Oliveira</li>\r\n<li>Jos\u00e9 Wilson da Silva</li>\r\n<li>Manoel de Oliveira Severo</li>\r\n<li>Maria Ivoneide da Silva</li>\r\n<li>Oliveiro Evaristo do Nascimento</li>\r\n<li>Tarc\u00edsio Bezerra de Ara\u00fajo</li>\r\n</ol>\r\n<p>\u00a0</p>\r\n<p><strong>Vereadores eleitos no Pleito de 03 de Outubro do ano de 2004, com mandato compreendido at\u00e9 o dia 31 de Dezembro de 2008.</strong></p>\r\n<ol>\r\n<li>Crist\u00f3v\u00e3o Ferreira do Nascimento</li>\r\n<li>Edmilson de Oliveira Lima</li>\r\n<li>Evaldo Varela de Paiva</li>\r\n<li>Jo\u00e3o Maria Alves Rafael</li>\r\n<li>Jos\u00e9 de Barros Saturnino</li>\r\n<li>Jos\u00e9 Gilberto de Oliveira</li>\r\n<li>Jos\u00e9 Paulo da Silva</li>\r\n<li>Manoel Pereira da Silva</li>\r\n<li>Rog\u00e9rio Bezerra da Cruz</li>\r\n</ol>\r\n<p>\u00a0</p>\r\n<p><strong>Vereadores eleitos no Pleito de 05 de Outubro do ano 2008, empossados no dia 01 de Janeiro de 2009, com mandatos at\u00e9 o dia 31 de Dezembro de 2012.</strong></p>\r\n<ol>\r\n<li>Charles Alexandre da Costa (PSB)</li>\r\n<li>Edmilson de Oliveira Lima (PTN)</li>\r\n<li>Evaldo Varela de Paiva (PMDB)</li>\r\n<li>J\u00e2nio Costa (PSB)</li>\r\n<li>Jo\u00e3o Maria Alves Rafael (PSDB)</li>\r\n<li>Jos\u00e9 de Barros Saturnino (PP)</li>\r\n<li>Jos\u00e9 Jorge de Morais (PSDC)</li>\r\n<li>Rog\u00e9rio Bezerra da Cruz (PPS)</li>\r\n<li>Ronialdo C\u00e2mara da Silva (PSDB)</li>\r\n</ol>\r\n<p>\u00a0</p>\r\n<p><strong>Vereadores eleitos no Pleito de 07 de Outubro do ano 2012, empossados no dia 01 de Janeiro de 2013, com mandatos at\u00e9 o dia 31 de Dezembro de 2016.</strong></p>\r\n<ol>\r\n<li>Cristov\u00e3o Ferreira do Nascimento (PMN)</li>\r\n<li>Crizaldo Meira de Ara\u00fajo (PCdoB)</li>\r\n<li>Jo\u00e3o Maria Alves Rafael (PSDB)</li>\r\n<li>Luiz Gonzaga Varela Cavalcanti Neto (DEM)</li>\r\n<li>Manoel Pereira da Silva (PMDB)</li>\r\n<li>Maria Erenir Freitas de Lima (PR)</li>\r\n<li>Maria Lucelita Rocha (PSDC)</li>\r\n<li>Ronialdo C\u00e2mara da Silva (PSDB)</li>\r\n<li>Severino de Barros Saturnino (PP)</li>\r\n</ol>\r\n<div></div>\r\n<div><strong>Vereadores eleitos no Pleito de 15 de novembro do ano 2020, empossados no dia 01 de Janeiro de 2021, com mandatos at\u00e9 o dia 31 de Dezembro de 2024.</strong></div>\r\n<div></div>\r\n<div><ol>\r\n<li><span>Albanita Tereza de Santana Saturnino (PSB)</span></li>\r\n<li>Adailda da Silva Sobrinho (PSDB)</li>\r\n<li><span><span><span>Carla Lopes da Silva (PSDB)</span></span></span></li>\r\n<li><span>Claudio Lins Tomaz (PSDB)</span></li>\r\n<li><span><span><span><span><span>Deize Irandir Braz (SD)</span></span></span></span></span></li>\r\n<li><span><span><span><span><span><span>Ev\u00e2nio Pedro do Nascimento (Solidariedade)</span></span></span></span></span></span></li>\r\n<li><span><span><span><span><span><span><span>Francisco Bernardino Vieira Junior (PSD)</span></span></span></span></span></span></span></li>\r\n<li><span><span><span><span><span><span><span><span>Francisco Weliton Freitas de Lima (SD)</span></span></span></span></span></span></span></span></li>\r\n<li><span><span><span><span><span><span><span><span><span>Gilvanildo Bezerra de Ara\u00fajo (PSDB)</span></span></span></span></span></span></span></span></span></li>\r\n</ol></div>\r\n<div></div>\r\n<div><strong>Vereadores eleitos no Pleito de 06 de outubro do ano 2024, empossados no dia 01 de Janeiro de 2025, com mandatos at\u00e9 o dia 31 de Dezembro de 2028.</strong></div>\r\n<div><strong><br /></strong></div>\r\n<div><ol>\r\n<li>Claudio Lins Tomaz (PSD)</li>\r\n<li><span>Carla Lopes da Silva (SD)</span></li>\r\n<li><span><span>Adailda da Silva Sobrinho (PSD)</span></span></li>\r\n<li><span><span><span>Deize Irandir Braz (SD)</span></span></span></li>\r\n<li><span><span><span><span>Amaro Alves Saturnino Junior (UNI\u00c3O)</span></span></span></span></li>\r\n<li><span><span><span><span><span>Rafael Pereira De Castro (UNI\u00c3O)</span></span></span></span></span></li>\r\n<li><span><span><span><span><span><span>Ubiratan Gomes De Miranda (REPUBLICANOS)</span></span></span></span></span></span></li>\r\n<li><span><span><span><span><span><span><span>\u00a0Francisco Weliton Freitas de Lima (SD)</span></span></span></span></span></span></span></li>\r\n<li><span><span><span><span><span><span><span><span>Jos\u00e9 Paulo Da Silva (PSD)</span></span></span></span></span></span></span></span></li>\r\n</ol></div>\r\n<p>\u00a0</p>\r\n<p style=\"text-align: right; \">\u00a0A rela\u00e7\u00e3o dos parlamentares por ordem alfab\u00e9tica.</p>", "author_name": "Interlegis", "version": "1.0", "author_url": "https://www.maxaranguape.rn.leg.br/author/Interlegis", "provider_name": "C\u00c2MARA MUNICIPAL", "type": "rich"}